{"id":2720,"date":"2017-05-31T00:00:00","date_gmt":"2017-05-31T00:00:00","guid":{"rendered":"http:\/\/20836"},"modified":"2017-05-31T00:00:00","modified_gmt":"2017-05-31T00:00:00","slug":"participez-au-recensement-national-des-expertes","status":"publish","type":"post","link":"https:\/\/siefar.org\/gb\/participez-au-recensement-national-des-expertes\/","title":{"rendered":"Participez au recensement national des expertes !"},"content":{"rendered":"<p><\/em><\/p>\n<div class=\"corpsTexte\" style=\"text-align: justify;\"><span style=\"font-size: small;\">Pour participer \u00e0 la visibilit\u00e9 des femmes dans l&#8217;espace public et dans les m\u00e9dias, Radio France, France T\u00e9l\u00e9visions et Egalis lanceront fin mars le premier &#8220;Guide des Expertes&#8221; en ligne. Apr\u00e8s 3 \u00e9ditions papier r\u00e9alis\u00e9es par Marie-Fran\u00e7oise Colombani (EpOke) et Chebeka Hachemi, le Guide des Expertes devient int\u00e9gralement num\u00e9rique et sera totalement gratuit.<\/span><\/div>\n<div class=\"corpsTexte\" style=\"text-align: justify;\"><span style=\"font-size: small;\"><\/span><br type=\"_moz\"><\/div>\n<div class=\"corpsTexte\" style=\"text-align: justify;\"><span style=\"font-size: small;\">L&#8217;objectif est de recenser les expertes pouvant intervenir sur toutes les th\u00e9matiques dans les m\u00e9dias, lors de conf\u00e9rences ou colloques afin que les journalistes, entreprises ou collectivit\u00e9s trouvent rapidement leurs contacts. Le site <a href=\"http:\/\/www.expertes.eu\" _fcksavedurl=\"http:\/\/www.expertes.eu\">expertes.eu<\/a> offrira un acc\u00e8s in\u00e9dit aux m\u00e9dias et participera \u00e0 la visibilit\u00e9 des femmes qui y seront recens\u00e9es.<\/span><\/div>\n<div class=\"corpsTexte\" style=\"text-align: justify;\"><span style=\"font-size: small;\"><\/span><br type=\"_moz\"><\/div>\n<div class=\"corpsTexte\" style=\"text-align: justify;\"><span style=\"font-size: small;\"><a href=\"http:\/\/us2.campaign-archive2.com\/?u=c3456bbbde07c441617e0fe02&amp;id=9c682d25bf&amp;e=5d0c05bdb3\" _fcksavedurl=\"http:\/\/us2.campaign-archive2.com\/?u=c3456bbbde07c441617e0fe02&amp;id=9c682d25bf&amp;e=5d0c05bdb3\">http:\/\/us2.campaign-archive2.com\/?u=c3456bbbde07c441617e0fe02&amp;id=9c682d25bf&amp;e=5d0c05bdb3<\/a><\/span><\/div>\n<div class=\"corpsTexte\" style=\"text-align: justify;\"><\/div>\n<\/p>\n<p><em><\/p>\n","protected":false},"excerpt":{"rendered":"<p>Pour participer \u00e0 la visibilit\u00e9 des femmes dans l&#8217;espace public et dans les m\u00e9dias, Radio France, France T\u00e9l\u00e9visions et Egalis lanceront fin mars le premier &#8220;Guide des Expertes&#8221; en ligne. Apr\u00e8s 3 \u00e9ditions papier r\u00e9alis\u00e9es par Marie-Fran\u00e7oise Colombani (EpOke) et Chebeka Hachemi, le Guide des Expertes devient int\u00e9gralement num\u00e9rique et sera totalement gratuit. L&#8217;objectif est [&hellip;]<\/p>\n","protected":false},"author":2,"featured_media":880,"comment_status":"closed","ping_status":"closed","sticky":false,"template":"","format":"standard","meta":{"_acf_changed":false,"footnotes":""},"categories":[7,9],"tags":[],"categorie_personnage":[],"class_list":["post-2720","post","type-post","status-publish","format-standard","has-post-thumbnail","hentry","category-actualites","category-appels-contribution"],"translation":{"provider":"WPGlobus","version":"3.0.0","language":"gb","enabled_languages":["fr","gb"],"languages":{"fr":{"title":true,"content":true,"excerpt":false},"gb":{"title":false,"content":false,"excerpt":false}}},"acf":[],"_links":{"self":[{"href":"https:\/\/siefar.org\/gb\/wp-json\/wp\/v2\/posts\/2720","targetHints":{"allow":["GET"]}}],"collection":[{"href":"https:\/\/siefar.org\/gb\/wp-json\/wp\/v2\/posts"}],"about":[{"href":"https:\/\/siefar.org\/gb\/wp-json\/wp\/v2\/types\/post"}],"author":[{"embeddable":true,"href":"https:\/\/siefar.org\/gb\/wp-json\/wp\/v2\/users\/2"}],"replies":[{"embeddable":true,"href":"https:\/\/siefar.org\/gb\/wp-json\/wp\/v2\/comments?post=2720"}],"version-history":[{"count":0,"href":"https:\/\/siefar.org\/gb\/wp-json\/wp\/v2\/posts\/2720\/revisions"}],"wp:featuredmedia":[{"embeddable":true,"href":"https:\/\/siefar.org\/gb\/wp-json\/"}],"wp:attachment":[{"href":"https:\/\/siefar.org\/gb\/wp-json\/wp\/v2\/media?parent=2720"}],"wp:term":[{"taxonomy":"category","embeddable":true,"href":"https:\/\/siefar.org\/gb\/wp-json\/wp\/v2\/categories?post=2720"},{"taxonomy":"post_tag","embeddable":true,"href":"https:\/\/siefar.org\/gb\/wp-json\/wp\/v2\/tags?post=2720"},{"taxonomy":"categorie_personnage","embeddable":true,"href":"https:\/\/siefar.org\/gb\/wp-json\/wp\/v2\/categorie_personnage?post=2720"}],"curies":[{"name":"wp","href":"https:\/\/api.w.org\/{rel}","templated":true}]}}