{"id":16135,"date":"2026-02-19T10:00:11","date_gmt":"2026-02-19T09:00:11","guid":{"rendered":"https:\/\/siefar.org\/?p=16135"},"modified":"2026-03-17T11:46:14","modified_gmt":"2026-03-17T10:46:14","slug":"16135-2","status":"publish","type":"post","link":"https:\/\/siefar.org\/gb\/16135-2\/","title":{"rendered":"Saint-Simon et les femmes"},"content":{"rendered":"<h4><strong>Saint-Simon et les femmes<\/strong><\/h4>\n<p><strong>Journ\u00e9e d\u2019\u00e9tudes<\/strong><br \/>\nSamedi 11 avril 2026<br \/>\nAuditorium du ch\u00e2teau de Versailles<\/p>\n<p>Journ\u00e9e d\u2019\u00e9tudes organis\u00e9e par le Centre de recherche du ch\u00e2teau de Versailles et la Soci\u00e9t\u00e9 Saint-Simon, sous la direction scientifique d\u2019Annabelle Bolot et de Flavie Leroux, avec le marrainage scientifique de la SI\u00c9FAR.<\/p>\n<p><a href=\"https:\/\/chateauversailles-recherche.fr\/article1592.html\" target=\"_blank\" rel=\"noopener\">En savoir plus et s\u2019inscrire<\/a><\/p>\n<p><img loading=\"lazy\" decoding=\"async\" src=\"https:\/\/siefar.org\/wp-content\/uploads\/2026\/03\/programme_saint-simon_2026_page-0001.jpg\" alt=\"\" width=\"1241\" height=\"875\" class=\"alignnone size-full wp-image-16136\" srcset=\"https:\/\/siefar.org\/wp-content\/uploads\/2026\/03\/programme_saint-simon_2026_page-0001.jpg 1241w, https:\/\/siefar.org\/wp-content\/uploads\/2026\/03\/programme_saint-simon_2026_page-0001-300x212.jpg 300w, https:\/\/siefar.org\/wp-content\/uploads\/2026\/03\/programme_saint-simon_2026_page-0001-1024x722.jpg 1024w, https:\/\/siefar.org\/wp-content\/uploads\/2026\/03\/programme_saint-simon_2026_page-0001-768x541.jpg 768w\" sizes=\"(max-width: 1241px) 100vw, 1241px\" \/><\/p>\n<p><img loading=\"lazy\" decoding=\"async\" src=\"https:\/\/siefar.org\/wp-content\/uploads\/2026\/03\/programme_saint-simon_2026_page-0002.jpg\" alt=\"\" width=\"1241\" height=\"875\" class=\"alignnone size-full wp-image-16137\" srcset=\"https:\/\/siefar.org\/wp-content\/uploads\/2026\/03\/programme_saint-simon_2026_page-0002.jpg 1241w, https:\/\/siefar.org\/wp-content\/uploads\/2026\/03\/programme_saint-simon_2026_page-0002-300x212.jpg 300w, https:\/\/siefar.org\/wp-content\/uploads\/2026\/03\/programme_saint-simon_2026_page-0002-1024x722.jpg 1024w, https:\/\/siefar.org\/wp-content\/uploads\/2026\/03\/programme_saint-simon_2026_page-0002-768x541.jpg 768w\" sizes=\"(max-width: 1241px) 100vw, 1241px\" \/><\/p>\n","protected":false},"excerpt":{"rendered":"<p>Saint-Simon et les femmes Journ\u00e9e d\u2019\u00e9tudes Samedi 11 avril 2026 Auditorium du ch\u00e2teau de Versailles Journ\u00e9e d\u2019\u00e9tudes organis\u00e9e par le Centre de recherche du ch\u00e2teau de Versailles et la Soci\u00e9t\u00e9 Saint-Simon, sous la direction scientifique d\u2019Annabelle Bolot et de Flavie Leroux, avec le marrainage scientifique de la SI\u00c9FAR. En savoir plus et s\u2019inscrire<\/p>\n","protected":false},"author":2,"featured_media":16136,"comment_status":"closed","ping_status":"closed","sticky":false,"template":"","format":"standard","meta":{"_acf_changed":false,"footnotes":""},"categories":[7,13],"tags":[],"categorie_personnage":[],"class_list":["post-16135","post","type-post","status-publish","format-standard","has-post-thumbnail","hentry","category-actualites","category-manifestations-scientifiques"],"translation":{"provider":"WPGlobus","version":"3.0.0","language":"gb","enabled_languages":["fr","gb"],"languages":{"fr":{"title":true,"content":true,"excerpt":false},"gb":{"title":false,"content":false,"excerpt":false}}},"acf":[],"_links":{"self":[{"href":"https:\/\/siefar.org\/gb\/wp-json\/wp\/v2\/posts\/16135","targetHints":{"allow":["GET"]}}],"collection":[{"href":"https:\/\/siefar.org\/gb\/wp-json\/wp\/v2\/posts"}],"about":[{"href":"https:\/\/siefar.org\/gb\/wp-json\/wp\/v2\/types\/post"}],"author":[{"embeddable":true,"href":"https:\/\/siefar.org\/gb\/wp-json\/wp\/v2\/users\/2"}],"replies":[{"embeddable":true,"href":"https:\/\/siefar.org\/gb\/wp-json\/wp\/v2\/comments?post=16135"}],"version-history":[{"count":4,"href":"https:\/\/siefar.org\/gb\/wp-json\/wp\/v2\/posts\/16135\/revisions"}],"predecessor-version":[{"id":16139,"href":"https:\/\/siefar.org\/gb\/wp-json\/wp\/v2\/posts\/16135\/revisions\/16139"}],"wp:featuredmedia":[{"embeddable":true,"href":"https:\/\/siefar.org\/gb\/wp-json\/wp\/v2\/media\/16136"}],"wp:attachment":[{"href":"https:\/\/siefar.org\/gb\/wp-json\/wp\/v2\/media?parent=16135"}],"wp:term":[{"taxonomy":"category","embeddable":true,"href":"https:\/\/siefar.org\/gb\/wp-json\/wp\/v2\/categories?post=16135"},{"taxonomy":"post_tag","embeddable":true,"href":"https:\/\/siefar.org\/gb\/wp-json\/wp\/v2\/tags?post=16135"},{"taxonomy":"categorie_personnage","embeddable":true,"href":"https:\/\/siefar.org\/gb\/wp-json\/wp\/v2\/categorie_personnage?post=16135"}],"curies":[{"name":"wp","href":"https:\/\/api.w.org\/{rel}","templated":true}]}}