{"id":11008,"date":"2024-01-29T22:10:40","date_gmt":"2024-01-29T21:10:40","guid":{"rendered":"http:\/\/siefar.org\/?p=11008"},"modified":"2024-01-29T22:10:40","modified_gmt":"2024-01-29T21:10:40","slug":"parution-de-notre-adherente-sabine-juratic-dir","status":"publish","type":"post","link":"https:\/\/siefar.org\/gb\/parution-de-notre-adherente-sabine-juratic-dir\/","title":{"rendered":"Parution de notre adh\u00e9rente Sabine Juratic (dir.)"},"content":{"rendered":"<p class=\"sousTitre\"><strong>Sabine Juratic, avec Emmanue<a class=\"cboxElement hasbox\" title=\"Couverture de l'ouvrage\" href=\"https:\/\/ihmc.ens.psl.eu\/IMG\/jpg\/les-livres-ont-ils-un-genre.jpg\" type=\"image\/jpeg\"><img loading=\"lazy\" decoding=\"async\" class=\"alignleft\" src=\"https:\/\/ihmc.ens.psl.eu\/IMG\/jpg\/les-livres-ont-ils-un-genre.jpg\" alt=\"Couverture de l'ouvrage\" width=\"188\" height=\"271\" \/><\/a>lle Chapron (dir.), Volume XIX de la revue <em>Histoire et civilisation du livre, <\/em>septembre 2023, 424 p.<\/strong><\/p>\n<div class=\"surlignable\">\n<div class=\"texte\">\n<p><strong>Table des mati\u00e8res<\/strong><\/p>\n<p>E. Chapron et S. Juratic, \u00ab\u00a0Introduction\u00a0\u00bb\u00a0<\/p>\n<p><strong>Lire au f\u00e9minin<\/strong><\/p>\n<p><strong>F. Lavie, \u00ab\u00a0\u201cS\u00e9parer le bon grain de l\u2019ivraie.\u201d Le contr\u00f4le des lectures f\u00e9minines en France et dans les Pays-Bas espagnols au temps de la R\u00e9forme catholique (xvi<sup>e<\/sup>-xvii<sup>e<\/sup>\u00a0si\u00e8cles)\u00a0\u00bb\u00a0;<\/strong><\/p>\n<p><strong>E. Gervais-Ledoux, \u00ab\u00a0La charge de lectrice \u00e0 la cour de France au\u00a0xviii<sup>e<\/sup>\u00a0si\u00e8cle. Un exemple de structuration des r\u00e9seaux f\u00e9minins au sein de la commensalit\u00e9\u00a0\u00bb<\/strong><\/p>\n<p><strong>I. Matamoros, \u00ab\u00a0Savantes ou dilettantes\u00a0? Les lectrices de la Biblioth\u00e8que nationale dans la premi\u00e8re moiti\u00e9 du\u00a0xix<sup>e<\/sup>\u00a0si\u00e8cle\u00a0\u00bb<\/strong><\/p>\n<p>Entrer dans la cha\u00eene du livre<\/p>\n<p>M.\u00a0G. Dalai, \u00ab\u00a0Come valutare il ruolo delle donne nelle tipografie lionesi nel XVI\u00a0secolo\u00a0: l\u2019esempio di Denise Barbou vedova di Balthazar Arnoullet\u00a0\u00bb<\/p>\n<p>K. B\u00e9nazech Wendling, \u00ab\u00a0\u00c9crire dans les missions protestantes en Irlande, une histoire de genre(s)\u00a0? Les autrices de la Dingle and Ventry Mission, 1800-1855\u00a0\u00bb<\/p>\n<p>J. Estran. \u00ab\u00a0\u00c0 la conqu\u00eate de leur ind\u00e9pendance\u00a0: \u00e9ditrices de revues en Chine, de Chen Xiefen\u00a0??? (1883-1923) et Qiu Jin\u00a0?? (1875-1907) \u00e0 Shi Pingmei\u00a0??? (1902-1928)\u00a0\u00bb<\/p>\n<p>E. Cocaign, \u00ab\u00a0Trajectoire et repr\u00e9sentations de Christina Foyle, femme et libraire britannique du\u00a0xx<sup>e<\/sup>\u00a0si\u00e8cle\u00a0\u00bb<\/p>\n<p><strong>Le genre des genres \u00e9ditoriaux<\/strong><\/p>\n<p><strong>A. Guillot, \u00ab\u00a0Un devenir f\u00e9minin de la po\u00e9sie\u00a0? \u00c9conomie du livre, renouveau lyrique et crise de l\u2019ordre genr\u00e9 de la production po\u00e9tique (France, v.\u00a01800 \u2013 v.\u00a01840)\u00a0\u00bb<\/strong><\/p>\n<p>L. Roux, \u00ab\u00a0Des livres jaunes aux livres en rose et bleu\u00a0? \u00c9ditions imprim\u00e9es de contes populaires et distinction de genre dans le Proche-Orient arabophone (milieu du\u00a0xix<sup>e<\/sup>\u00a0si\u00e8cle \u2013 ann\u00e9es 1980)\u00a0\u00bb<\/p>\n<p>C. Barjou et J.-M.\u00a0Galland, \u00ab\u00a0La f\u00e9minisation de l\u2019\u00e9dition litt\u00e9raire illustr\u00e9e pendant l\u2019entre-deux-guerres\u00a0: une approche socio-esth\u00e9tique\u00a0\u00bb<\/p>\n<p>F. Mazzone, \u00ab Une \u00e9dition f\u00e9ministe transnationale ? \u00c9l\u00e9ments pour l\u2019analyse de la circulation internationale du livre f\u00e9ministe. Le cas des \u00e9changes franco-italiens \u00bb<\/p>\n<p><a href=\"https:\/\/www.droz.org\/france\/product\/9782600064910\"><strong>Commander en ligne<\/strong><\/a><\/p>\n<\/div>\n<\/div>\n","protected":false},"excerpt":{"rendered":"<p>Sabine Juratic, avec Emmanuelle Chapron (dir.), Volume XIX de la revue Histoire et civilisation du livre, septembre 2023, 424 p. Table des mati\u00e8res E. Chapron et S. Juratic, \u00ab\u00a0Introduction\u00a0\u00bb\u00a0 Lire au f\u00e9minin F. Lavie, \u00ab\u00a0\u201cS\u00e9parer le bon grain de l\u2019ivraie.\u201d Le contr\u00f4le des lectures f\u00e9minines en France et dans les Pays-Bas espagnols au temps de [&hellip;]<\/p>\n","protected":false},"author":2,"featured_media":11009,"comment_status":"closed","ping_status":"open","sticky":false,"template":"","format":"standard","meta":{"_acf_changed":false,"footnotes":""},"categories":[6,10],"tags":[],"categorie_personnage":[],"class_list":["post-11008","post","type-post","status-publish","format-standard","has-post-thumbnail","hentry","category-a-la-une","category-dernieres-parutions"],"translation":{"provider":"WPGlobus","version":"3.0.0","language":"gb","enabled_languages":["fr","gb"],"languages":{"fr":{"title":true,"content":true,"excerpt":false},"gb":{"title":false,"content":false,"excerpt":false}}},"acf":[],"_links":{"self":[{"href":"https:\/\/siefar.org\/gb\/wp-json\/wp\/v2\/posts\/11008","targetHints":{"allow":["GET"]}}],"collection":[{"href":"https:\/\/siefar.org\/gb\/wp-json\/wp\/v2\/posts"}],"about":[{"href":"https:\/\/siefar.org\/gb\/wp-json\/wp\/v2\/types\/post"}],"author":[{"embeddable":true,"href":"https:\/\/siefar.org\/gb\/wp-json\/wp\/v2\/users\/2"}],"replies":[{"embeddable":true,"href":"https:\/\/siefar.org\/gb\/wp-json\/wp\/v2\/comments?post=11008"}],"version-history":[{"count":0,"href":"https:\/\/siefar.org\/gb\/wp-json\/wp\/v2\/posts\/11008\/revisions"}],"wp:featuredmedia":[{"embeddable":true,"href":"https:\/\/siefar.org\/gb\/wp-json\/"}],"wp:attachment":[{"href":"https:\/\/siefar.org\/gb\/wp-json\/wp\/v2\/media?parent=11008"}],"wp:term":[{"taxonomy":"category","embeddable":true,"href":"https:\/\/siefar.org\/gb\/wp-json\/wp\/v2\/categories?post=11008"},{"taxonomy":"post_tag","embeddable":true,"href":"https:\/\/siefar.org\/gb\/wp-json\/wp\/v2\/tags?post=11008"},{"taxonomy":"categorie_personnage","embeddable":true,"href":"https:\/\/siefar.org\/gb\/wp-json\/wp\/v2\/categorie_personnage?post=11008"}],"curies":[{"name":"wp","href":"https:\/\/api.w.org\/{rel}","templated":true}]}}